{"id":55,"date":"2012-03-12T12:07:18","date_gmt":"2012-03-12T12:07:18","guid":{"rendered":"http:\/\/blog.orgelbau-schulte.de\/?p=55"},"modified":"2012-03-12T12:07:18","modified_gmt":"2012-03-12T12:07:18","slug":"unser-besuch-in-castelo-branco","status":"publish","type":"post","link":"http:\/\/orgelbau-schulte.de\/en\/unser-besuch-in-castelo-branco\/","title":{"rendered":"Unser Besuch in Castelo Branco"},"content":{"rendered":"<p>Im Februar 2012 besuchte Oliver Schulte Jose Carlos Oliveira, den Organist der Gemeinde\u00a0S\u00e3o Jos\u00e9 Oper\u00e1rio in Castelo Branco \/ Portugal, die eine von uns umgebaute englische Orgel erh\u00e4lt. Hier einige Impressionen, entnommen aus unserem Facebook-Album<a href=\"https:\/\/www.facebook.com\/media\/set\/?set=a.360059310683073.79952.100000370208020&amp;type=3&amp;l=8ff788a720\" target=\"_blank\"> &#8222;Visiting Castelo Branco&#8220;<\/a>.<\/p>\n<p><em>In february 2012 Oliver Schulte visited Jose Carlos Oliveira, the organist of the parish\u00a0\u00a0S\u00e3o Jos\u00e9 Oper\u00e1rio in Castelo Branco \/ Portugal. The parish will get an english organ rebuilt by us. Here are some impressions of our journey, taken from our Facebook-album\u00a0<a href=\"https:\/\/www.facebook.com\/media\/set\/?set=a.360059310683073.79952.100000370208020&amp;type=3&amp;l=8ff788a720\" target=\"_blank\">&#8222;Visiting Castelo Branco&#8220;<\/a>.<\/em><\/p>\n<p>&nbsp;<\/p>\n<p><!--FBGallery 100000370208020_79952 hideHead=1 --><!-- ID 100000370208020_79952 Last fetched on 03\/12\/2012 12:07:19 v1.2.15--><\/p>\n<div class='gallery'>\n<dl class='gallery-item' style=\"width:24.875%\">\n<dt class='gallery-icon'><a class=\"fbPhoto\" href=\"https:\/\/fbcdn-sphotos-a.akamaihd.net\/hphotos-ak-ash4\/s720x720\/421965_360059457349725_100000370208020_1181875_1495296739_n.jpg\" title=\"This is a special album about our journey to the parish S\u00e3o Jos\u00e9 Oper\u00e1rio in Castelo Branco \/ Portugal. They are going to get an english organ (II\/29), rebuilt by us. (Here you find the album of the whole project: https:\/\/www.facebook.com\/media\/set\/?set=a.270339722988366.64611.100000370208020&amp;type=3).&lt;br \/&gt;&lt;br \/&gt;In February 2012 Sonja and me visited the organist Jos\u00e9 Carlos Oliveira and together we talked about details of the organ, had a look at the church and the wonderful countryside. \" ><img src=\"https:\/\/fbcdn-photos-a.akamaihd.net\/hphotos-ak-ash4\/421965_360059457349725_100000370208020_1181875_1495296739_s.jpg\" alt=\"\" \/><\/a><\/dt>\n<dd class='gallery-caption'>This is a special album about our journey to the parish S\u00e3o Jos\u00e9 Oper\u00e1rio in Caste&#8230;<\/dd>\n<\/dl>\n<dl class='gallery-item' style=\"width:24.875%\">\n<dt class='gallery-icon'><a class=\"fbPhoto\" href=\"https:\/\/fbcdn-sphotos-a.akamaihd.net\/hphotos-ak-snc6\/s720x720\/64078_360066537349017_100000370208020_1181883_1015819799_n.jpg\" title=\"Sonja and me landed in Lissabon airport. These are some impression of the 2 hours car drive from Lissabon to Castelo Branco. \" ><img src=\"https:\/\/fbcdn-photos-a.akamaihd.net\/hphotos-ak-snc6\/64078_360066537349017_100000370208020_1181883_1015819799_s.jpg\" alt=\"\" \/><\/a><\/dt>\n<dd class='gallery-caption'>Sonja and me landed in Lissabon airport. These are some impression of the 2 hours car&#8230;<\/dd>\n<\/dl>\n<dl class='gallery-item' style=\"width:24.875%\">\n<dt class='gallery-icon'><a class=\"fbPhoto\" href=\"https:\/\/fbcdn-sphotos-a.akamaihd.net\/hphotos-ak-ash4\/s720x720\/417592_360066654015672_100000370208020_1181884_266200559_n.jpg\" title=\"Weather was fantastic. Clear sky, sun, 18\u00b0C - which was more than 10\u00b0C warmer than it was in Germany! :)&lt;br \/&gt;While driving we could already see the beauty of the landscape. \" ><img src=\"https:\/\/fbcdn-photos-a.akamaihd.net\/hphotos-ak-ash4\/417592_360066654015672_100000370208020_1181884_266200559_s.jpg\" alt=\"\" \/><\/a><\/dt>\n<dd class='gallery-caption'>Weather was fantastic. Clear sky, sun, 18\u00b0C &#8211; which was more than 10\u00b0C warmer than &#8230;<\/dd>\n<\/dl>\n<dl class='gallery-item' style=\"width:24.875%\">\n<dt class='gallery-icon'><a class=\"fbPhoto\" href=\"https:\/\/fbcdn-sphotos-a.akamaihd.net\/hphotos-ak-snc7\/s720x720\/424279_360118834010454_100000370208020_1182022_1135298922_n.jpg\" title=\"We arrived on a friday afternoon still having enough time to make a first nightly walk through Castelo Branco. We liked it from the start! :) \" ><img src=\"https:\/\/fbcdn-photos-a.akamaihd.net\/hphotos-ak-snc7\/424279_360118834010454_100000370208020_1182022_1135298922_s.jpg\" alt=\"\" \/><\/a><\/dt>\n<dd class='gallery-caption'>We arrived on a friday afternoon still having enough time to make a first nightly wal&#8230;<\/dd>\n<\/dl>\n<p><br style=\"clear: both\" \/><\/p>\n<dl class='gallery-item' style=\"width:24.875%\">\n<dt class='gallery-icon'><a class=\"fbPhoto\" href=\"https:\/\/fbcdn-sphotos-a.akamaihd.net\/hphotos-ak-ash4\/s720x720\/430344_360193917336279_100000370208020_1182225_1057164175_n.jpg\" title=\"And here it is: S\u00e3o Jos\u00e9 Oper\u00e1rio. :) \" ><img src=\"https:\/\/fbcdn-photos-a.akamaihd.net\/hphotos-ak-ash4\/430344_360193917336279_100000370208020_1182225_1057164175_s.jpg\" alt=\"\" \/><\/a><\/dt>\n<dd class='gallery-caption'>And here it is: S\u00e3o Jos\u00e9 Oper\u00e1rio. \ud83d\ude42<\/dd>\n<\/dl>\n<dl class='gallery-item' style=\"width:24.875%\">\n<dt class='gallery-icon'><a class=\"fbPhoto\" href=\"https:\/\/fbcdn-sphotos-a.akamaihd.net\/hphotos-ak-ash4\/s720x720\/431564_360919630597041_100000370208020_1183912_133331035_n.jpg\" title=\"That's the church from the inside. Our organ will be placed on the gallery. \" ><img src=\"https:\/\/fbcdn-photos-a.akamaihd.net\/hphotos-ak-ash4\/431564_360919630597041_100000370208020_1183912_133331035_s.jpg\" alt=\"\" \/><\/a><\/dt>\n<dd class='gallery-caption'>That&#8217;s the church from the inside. Our organ will be placed on the gallery.<\/dd>\n<\/dl>\n<dl class='gallery-item' style=\"width:24.875%\">\n<dt class='gallery-icon'><a class=\"fbPhoto\" href=\"https:\/\/fbcdn-sphotos-a.akamaihd.net\/hphotos-ak-snc7\/s720x720\/422924_361507823871555_100000370208020_1184934_757535262_n.jpg\" title=\"And that's the view of the altar. (How is it called? Quire? Presbytery?) Our organ-case will pick up the design of the  wall. I really like the natural light floating in from the sides... \" ><img src=\"https:\/\/fbcdn-photos-a.akamaihd.net\/hphotos-ak-snc7\/422924_361507823871555_100000370208020_1184934_757535262_s.jpg\" alt=\"\" \/><\/a><\/dt>\n<dd class='gallery-caption'>And that&#8217;s the view of the altar. (How is it called? Quire? Presbytery?) Our organ-ca&#8230;<\/dd>\n<\/dl>\n<dl class='gallery-item' style=\"width:24.875%\">\n<dt class='gallery-icon'><a class=\"fbPhoto\" href=\"https:\/\/fbcdn-sphotos-a.akamaihd.net\/hphotos-ak-snc7\/s720x720\/426824_362509503771387_100000370208020_1187559_554555628_n.jpg\" title=\"Another view of S\u00e3o Jos\u00e9 Oper\u00e1rio in Castelo Branco \/ Portugal standing in the nave. \" ><img src=\"https:\/\/fbcdn-photos-a.akamaihd.net\/hphotos-ak-snc7\/426824_362509503771387_100000370208020_1187559_554555628_s.jpg\" alt=\"\" \/><\/a><\/dt>\n<dd class='gallery-caption'>Another view of S\u00e3o Jos\u00e9 Oper\u00e1rio in Castelo Branco \/ Portugal standing in the nav&#8230;<\/dd>\n<\/dl>\n<p><br style=\"clear: both\" \/><\/p>\n<dl class='gallery-item' style=\"width:24.875%\">\n<dt class='gallery-icon'><a class=\"fbPhoto\" href=\"https:\/\/fbcdn-sphotos-a.akamaihd.net\/hphotos-ak-snc7\/s720x720\/432313_364343230254681_100000370208020_1193932_934900510_n.jpg\" title=\"Visiting the Episcopal Palace Garden of Castelo Branco. Wonderful garden, wonderful view, wonderful weather... what more could one want? :D \" ><img src=\"https:\/\/fbcdn-photos-a.akamaihd.net\/hphotos-ak-snc7\/432313_364343230254681_100000370208020_1193932_934900510_s.jpg\" alt=\"\" \/><\/a><\/dt>\n<dd class='gallery-caption'>Visiting the Episcopal Palace Garden of Castelo Branco. Wonderful garden, wonderful v&#8230;<\/dd>\n<\/dl>\n<dl class='gallery-item' style=\"width:24.875%\">\n<dt class='gallery-icon'><a class=\"fbPhoto\" href=\"https:\/\/fbcdn-sphotos-a.akamaihd.net\/hphotos-ak-ash4\/s720x720\/432195_364343416921329_100000370208020_1193933_212111319_n.jpg\" title=\"The Garden of St. John the Baptist was commissioned around 1720 and formally divided in four distinct but connected areas: the entrance, the boxwood (which you see on the foto), the pond garden and the upper section.&lt;br \/&gt;There are numerous statues in the boxwood  garden representing the complete cycle of the zodiac, the four (then known) continents and the four seasons. \" ><img src=\"https:\/\/fbcdn-photos-a.akamaihd.net\/hphotos-ak-ash4\/432195_364343416921329_100000370208020_1193933_212111319_s.jpg\" alt=\"\" \/><\/a><\/dt>\n<dd class='gallery-caption'>The Garden of St. John the Baptist was commissioned around 1720 and formally divided &#8230;<\/dd>\n<\/dl>\n<dl class='gallery-item' style=\"width:24.875%\">\n<dt class='gallery-icon'><a class=\"fbPhoto\" href=\"https:\/\/fbcdn-sphotos-a.akamaihd.net\/hphotos-ak-ash4\/s720x720\/429121_364474556908215_472845397_n.jpg\" title=\"A view of the pond area. Really beautiful, spirit-soothing - and look at all those orange- and lemon-trees! \" ><img src=\"https:\/\/fbcdn-photos-a.akamaihd.net\/hphotos-ak-ash4\/429121_364474556908215_472845397_s.jpg\" alt=\"\" \/><\/a><\/dt>\n<dd class='gallery-caption'>A view of the pond area. Really beautiful, spirit-soothing &#8211; and look at all those or&#8230;<\/dd>\n<\/dl>\n<p><br style=\"clear: both\" \/><\/p>\n<\/div>\n<p><span class=\"fpfcredit\">Generated by <i>Facebook Photo Fetcher<\/i><\/span><br \/>\n<script type=\"text\/javascript\">\n            jQuery(document).ready(function(){ jQuery(function(){ \n                jQuery(\".gallery-icon a\").lightBox({\n                    imageBlank:\"http:\/\/blog.orgelbau-schulte.de\/wp-content\/plugins\/facebook-photo-fetcher\/jquery-lightbox\/images\/lightbox-blank.gif\",\n                    imageBtnClose:\"http:\/\/blog.orgelbau-schulte.de\/wp-content\/plugins\/facebook-photo-fetcher\/jquery-lightbox\/images\/lightbox-btn-close.gif\",\n                    imageBtnNext:\"http:\/\/blog.orgelbau-schulte.de\/wp-content\/plugins\/facebook-photo-fetcher\/jquery-lightbox\/images\/lightbox-btn-next.gif\",\n                    imageBtnPrev:\"http:\/\/blog.orgelbau-schulte.de\/wp-content\/plugins\/facebook-photo-fetcher\/jquery-lightbox\/images\/lightbox-btn-prev.gif\",\n                    imageLoading:\"http:\/\/blog.orgelbau-schulte.de\/wp-content\/plugins\/facebook-photo-fetcher\/jquery-lightbox\/images\/lightbox-ico-loading.gif\"\n                }); }); });\n<\/script><br \/>\n<!-- End Album 100000370208020_79952 --><br \/>\n<!--\/FBGallery--><\/p>","protected":false},"excerpt":{"rendered":"<p>Im Februar 2012 besuchte Oliver Schulte Jose Carlos Oliveira, den Organist der Gemeinde\u00a0S\u00e3o Jos\u00e9 Oper\u00e1rio in Castelo Branco \/ Portugal, die eine von uns umgebaute englische Orgel erh\u00e4lt. Hier einige Impressionen, entnommen aus unserem Facebook-Album &#8222;Visiting Castelo Branco&#8220;. In february 2012 Oliver Schulte visited Jose&#8230;<\/p>","protected":false},"author":1,"featured_media":0,"comment_status":"open","ping_status":"open","sticky":false,"template":"","format":"standard","meta":[],"categories":[6,7],"tags":[18,24],"_links":{"self":[{"href":"http:\/\/orgelbau-schulte.de\/en\/wp-json\/wp\/v2\/posts\/55"}],"collection":[{"href":"http:\/\/orgelbau-schulte.de\/en\/wp-json\/wp\/v2\/posts"}],"about":[{"href":"http:\/\/orgelbau-schulte.de\/en\/wp-json\/wp\/v2\/types\/post"}],"author":[{"embeddable":true,"href":"http:\/\/orgelbau-schulte.de\/en\/wp-json\/wp\/v2\/users\/1"}],"replies":[{"embeddable":true,"href":"http:\/\/orgelbau-schulte.de\/en\/wp-json\/wp\/v2\/comments?post=55"}],"version-history":[{"count":0,"href":"http:\/\/orgelbau-schulte.de\/en\/wp-json\/wp\/v2\/posts\/55\/revisions"}],"wp:attachment":[{"href":"http:\/\/orgelbau-schulte.de\/en\/wp-json\/wp\/v2\/media?parent=55"}],"wp:term":[{"taxonomy":"category","embeddable":true,"href":"http:\/\/orgelbau-schulte.de\/en\/wp-json\/wp\/v2\/categories?post=55"},{"taxonomy":"post_tag","embeddable":true,"href":"http:\/\/orgelbau-schulte.de\/en\/wp-json\/wp\/v2\/tags?post=55"}],"curies":[{"name":"wp","href":"https:\/\/api.w.org\/{rel}","templated":true}]}}